{"id":1778,"date":"2025-09-03T07:54:00","date_gmt":"2025-09-03T07:54:00","guid":{"rendered":"https:\/\/klaipedabiennial.lt\/?p=1778"},"modified":"2025-09-10T08:12:39","modified_gmt":"2025-09-10T08:12:39","slug":"nina-beier-instaliacija-o-sala","status":"publish","type":"post","link":"https:\/\/klaipedabiennial.lt\/en\/nina-beier-instaliacija-o-sala\/","title":{"rendered":"Nina Beier\n\u00d8 (Island)"},"content":{"rendered":"<p>Nina Beier (b. 1975) is a Danish interdisciplinary artist working between Berlin and Copenhagen. Her practice is grounded in sculpture, installation, and performativity, often revealing layers of cultural, class, gender, or colonial histories.<\/p>\n\n\n\n<p>At Klaip\u0117da Biennial, she presents her installation \u00d8 (Island), 2024 (on the lawn next to the central entrance of KKKC Exhibition Hall, Did\u017eioji Vandens str. 2, Klaip\u0117da). Marble is one of Nina Beier\u2019s frequently used materials and reflects her interest in its transformation from a geological substance into a cultural artefact. In Beier\u2019s work, the boundary between an object\u2019s history and its symbolic value is both emphasised and reshaped through new philosophical associations and vantage points.<\/p>\n\n\n\n<p>Photo: Simon Dybbroe M\u00f8ller.<br>Organizers: Klaip\u0117da Culture Communication Center (KCCC).<br>Main Partner of the Biennial: Contemporary Art Centre, Vilnius.<br>The Klaip\u0117da Biennial is funded by the Klaip\u0117da City Municipality, the Lithuanian Council for Culture and the Danish Arts Foundation.<\/p>","protected":false},"excerpt":{"rendered":"<p>Nina Beier (g. 1975) \u2013 tarpdisciplinin\u0117 dan\u0173 meninink\u0117, gyvenanti ir kurianti Berlyne bei Kopenhagoje. Savo menine praktika, grind\u017eiama skulpt\u016bra, instaliacija ir performatyvumu, meninink\u0117 siekia atskleisti kult\u016brinius, socialin\u0117s klas\u0117s, lyties bei kolonializmo istorijos sluoksnius. Klaip\u0117dos bienal\u0117je pristatoma jos instaliacija \u00d8 (sala), 2024 (pievel\u0117je prie KKKC Parod\u0173 r\u016bm\u0173 centrinio \u012f\u0117jimo Did\u017eioji Vandens g. 2, Klaip\u0117doje). Marmuras \u2013 [&hellip;]<\/p>","protected":false},"author":1,"featured_media":1779,"comment_status":"closed","ping_status":"open","sticky":false,"template":"","format":"standard","meta":{"_acf_changed":false,"footnotes":""},"categories":[1],"tags":[],"class_list":["post-1778","post","type-post","status-publish","format-standard","has-post-thumbnail","hentry","category-be-kategorijos"],"acf":[],"_links":{"self":[{"href":"https:\/\/klaipedabiennial.lt\/en\/wp-json\/wp\/v2\/posts\/1778","targetHints":{"allow":["GET"]}}],"collection":[{"href":"https:\/\/klaipedabiennial.lt\/en\/wp-json\/wp\/v2\/posts"}],"about":[{"href":"https:\/\/klaipedabiennial.lt\/en\/wp-json\/wp\/v2\/types\/post"}],"author":[{"embeddable":true,"href":"https:\/\/klaipedabiennial.lt\/en\/wp-json\/wp\/v2\/users\/1"}],"replies":[{"embeddable":true,"href":"https:\/\/klaipedabiennial.lt\/en\/wp-json\/wp\/v2\/comments?post=1778"}],"version-history":[{"count":0,"href":"https:\/\/klaipedabiennial.lt\/en\/wp-json\/wp\/v2\/posts\/1778\/revisions"}],"wp:featuredmedia":[{"embeddable":true,"href":"https:\/\/klaipedabiennial.lt\/en\/wp-json\/wp\/v2\/media\/1779"}],"wp:attachment":[{"href":"https:\/\/klaipedabiennial.lt\/en\/wp-json\/wp\/v2\/media?parent=1778"}],"wp:term":[{"taxonomy":"category","embeddable":true,"href":"https:\/\/klaipedabiennial.lt\/en\/wp-json\/wp\/v2\/categories?post=1778"},{"taxonomy":"post_tag","embeddable":true,"href":"https:\/\/klaipedabiennial.lt\/en\/wp-json\/wp\/v2\/tags?post=1778"}],"curies":[{"name":"wp","href":"https:\/\/api.w.org\/{rel}","templated":true}]}}